{"id":4068,"date":"2024-07-22T12:53:00","date_gmt":"2024-07-22T12:53:00","guid":{"rendered":"https:\/\/www.laboratoriosrubio.com\/?p=4068"},"modified":"2024-07-22T13:01:54","modified_gmt":"2024-07-22T13:01:54","slug":"desenvolupament-dun-nou-tractament-pediatric-per-linsomni","status":"publish","type":"post","link":"https:\/\/www.laboratoriosrubio.com\/ca\/desenvolupament-dun-nou-tractament-pediatric-per-linsomni\/","title":{"rendered":"Desenvolupament d&#8217;un nou tractament pedi\u00e0tric per l&#8217;insomni"},"content":{"rendered":"<div class=\"flex flex-grow flex-col max-w-full\">\n<div class=\"min-h-[20px] text-message flex w-full flex-col items-end gap-2 whitespace-pre-wrap break-words [.text-message+&amp;]:mt-5 overflow-x-auto\" dir=\"auto\" data-message-author-role=\"assistant\" data-message-id=\"876db080-359e-4281-ab8a-3888b3e97350\">\n<div class=\"flex w-full flex-col gap-1 empty:hidden first:pt-[3px]\">\n<div class=\"markdown prose w-full break-words dark:prose-invert light\">\n<h2>Introducci\u00f3<\/h2>\n<p>Products &amp; Technology, una empresa del Grup Rubi\u00f3, ha dut a terme una investigaci\u00f3 i desenvolupament (I+D) per a un f\u00e0rmac destinat a tractar l&#8217;insomni en nens amb Trastorn per D\u00e8ficit d&#8217;Atenci\u00f3 i Hiperactivitat (TDAH), espec\u00edficament en casos en qu\u00e8 les mesures convencionals d&#8217;higiene del son s\u00f3n insuficients.<\/p>\n<p>Aquesta iniciativa compta amb un important suport del Fons Europeu de Desenvolupament Regional (FEDER) a trav\u00e9s del CDTI del Ministeri de Ci\u00e8ncia, Innovaci\u00f3 i Universitats, que aporta el 68% del finan\u00e7ament de la investigaci\u00f3. El desenvolupament del producte s&#8217;est\u00e0 duent a terme a les nostres instal\u00b7lacions de Castellbisbal, Barcelona.<\/p>\n<p>El suport del CDTI subratlla la import\u00e0ncia de promoure la innovaci\u00f3 i el desenvolupament tecnol\u00f2gic entre les empreses espanyoles. Aquest projecte exemplifica el comprom\u00eds del CDTI amb iniciatives que beneficiaran a molts nens en edat escolar i a les seves fam\u00edlies. La cofinan\u00e7ament del CDTI i FEDER posa de manifest la rellev\u00e0ncia i el potencial impacte positiu d&#8217;aquest projecte. Ambdues institucions no nom\u00e9s aporten finan\u00e7ament, sin\u00f3 que tamb\u00e9 col\u00b7laboren en termes de suport t\u00e8cnic i log\u00edstic, cosa que resulta crucial per a l&#8217;\u00e8xit del projecte.<\/p>\n<h2>Objectius del Projecte<\/h2>\n<p>Aquest projecte d&#8217;innovaci\u00f3 farmac\u00e8utica t\u00e9 com a objectiu la investigaci\u00f3 i desenvolupament (I+D) d&#8217;un f\u00e0rmac per al tractament de l&#8217;insomni en nens amb Trastorn de D\u00e8ficit d&#8217;Atenci\u00f3 i Hiperactivitat (TDAH).<\/p>\n<p>Aquest desenvolupament es centra en aquells casos on les mesures d&#8217;higiene del son han resultat insuficients per millorar la qualitat del son dels pacients.<\/p>\n<h2>Descripci\u00f3 del Projecte<\/h2>\n<p>L&#8217;insomni \u00e9s un problema com\u00fa en nens amb TDAH i pot tenir un impacte significatiu en la seva qualitat de vida i rendiment acad\u00e8mic.<\/p>\n<h2>Justificaci\u00f3 del Projecte de I+D<\/h2>\n<p>L&#8217;insomni \u00e9s una condici\u00f3 prevalent en nens amb TDAH, afectant aproximadament al 25-50% d&#8217;aquests pacients. Tenir problemes per dormir pot empitjorar els s\u00edmptomes del TDAH, afectant el rendiment escolar i la qualitat de vida del nen i la seva fam\u00edlia.<\/p>\n<p>Les intervencions actuals, incloent la ter\u00e0pia conductual i la higiene del son, no sempre s\u00f3n suficients per gestionar aquests problemes. En aquest context, aquest projecte planteja abordar opcions terap\u00e8utiques addicionals.<\/p>\n<h2>Comprenent el TDAH<\/h2>\n<p>El Trastorn per D\u00e8ficit d&#8217;Atenci\u00f3 i Hiperactivitat (TDAH) \u00e9s una condici\u00f3 neurobiol\u00f2gica cr\u00f2nica que afecta significativament el desenvolupament neuroconductual dels individus. Caracteritzat per s\u00edmptomes com la inatenci\u00f3, hiperactivitat i impulsivitat, el TDAH t\u00edpicament persisteix al llarg de la vida de la persona.<\/p>\n<p>Aproximadament el 80% dels casos de TDAH s\u00f3n hereditaris, afectant al 5-10% dels nens a nivell mundial. A Espanya, s&#8217;estima que el 6,8% dels nens i adolescents s\u00f3n diagnosticats amb TDAH, el que es tradueix en aproximadament 1-3 nens per aula.<\/p>\n<h2>Impacte en els Nens i les Seves Fam\u00edlies<\/h2>\n<p>L&#8217;impacte del TDAH s&#8217;est\u00e9n m\u00e9s enll\u00e0 del nen afectat fins a les seves fam\u00edlies, causant desafiaments cognitius, acad\u00e8mics, conductuals, emocionals, familiars i socials.<\/p>\n<p>Els pares de nens amb TDAH sovint experimenten alts nivells d&#8217;estr\u00e8s, menor adaptabilitat i un augment de les interaccions negatives amb els seus fills. Tamb\u00e9, els germans poden sentir-se victimitzats pels comportaments dels seus germans o germanes amb TDAH, el que pot portar a ansietat i tristesa. Per tant, tractar el TDAH requereix un enfocament integral que inclogui el suport familiar i la reducci\u00f3 de l&#8217;estr\u00e8s.<\/p>\n<h2>Causes i S\u00edmptomes<\/h2>\n<p>El TDAH resulta d&#8217;una combinaci\u00f3 de factors neuroqu\u00edmics, neuroanat\u00f2mics, gen\u00e8tics i ambientals. El trastorn implica principalment una disfunci\u00f3 dels neurotransmissors dopamina i noradrenalina, afectant l&#8217;atenci\u00f3, el control dels impulsos i el moviment.<\/p>\n<p>Estudis de neuroimatge mostren una hipoactivaci\u00f3 a les \u00e0rees del cervell responsables d&#8217;aquestes funcions. Gen\u00e8ticament, m\u00faltiples gens contribueixen al TDAH, amb una taxa d&#8217;heretabilitat del 80%. Factors ambientals, com el suport familiar i les intervencions educatives, tamb\u00e9 poden influir en la severitat i maneig dels s\u00edmptomes.<\/p>\n<h2>Comprom\u00eds Hist\u00f2ric amb el Tractament del TDAH<\/h2>\n<p>Laboratoris Rubi\u00f3 ha estat a l&#8217;avantguarda del tractament del TDAH a Espanya durant m\u00e9s de 40 anys, havent introdu\u00eft el primer medicament farmac\u00e8utic per al TDAH al pa\u00eds. El nostre comprom\u00eds amb la millora de la qualitat de vida dels pacients amb TDAH \u00e9s inq\u00fcestionable.<\/p>\n<p>El desenvolupament d&#8217;un f\u00e0rmac per al tractament de l&#8217;insomni en nens amb TDAH representa un altre pas significatiu en la nostra recerca cont\u00ednua de proporcionar opcions terap\u00e8utiques efectives per a aquests nens i les seves fam\u00edlies.<\/p>\n<h2>Conclusi\u00f3<\/h2>\n<p>Laboratoris Rubi\u00f3 segueix liderant la innovaci\u00f3 en el tractament del TDAH, amb el desenvolupament d&#8217;un nou f\u00e0rmac com a testimoni de la nostra dedicaci\u00f3. Aquest nou producte t\u00e9 com a objectiu abordar el problema cr\u00edtic de l&#8217;insomni en nens amb TDAH, millorant encara m\u00e9s la seva qualitat de vida i donant suport a les seves fam\u00edlies. A trav\u00e9s dels nostres esfor\u00e7os continus d&#8217;investigaci\u00f3 i desenvolupament, ens esforcem per proporcionar tractaments millors, m\u00e9s segurs i m\u00e9s efectius per als pacients amb TDAH.<\/p>\n<p><img loading=\"lazy\" decoding=\"async\" class=\"alignnone wp-image-4062\" src=\"http:\/\/www.laboratoriosrubio.com\/wp-content\/uploads\/2024\/07\/pharmaceutical-rd.png\" alt=\"\" width=\"843\" height=\"593\" srcset=\"https:\/\/www.laboratoriosrubio.com\/wp-content\/uploads\/2024\/07\/pharmaceutical-rd.png 567w, https:\/\/www.laboratoriosrubio.com\/wp-content\/uploads\/2024\/07\/pharmaceutical-rd-300x211.png 300w\" sizes=\"auto, (max-width: 843px) 100vw, 843px\" \/><\/p>\n<\/div>\n<\/div>\n<\/div>\n<\/div>\n","protected":false},"excerpt":{"rendered":"<p>Introducci\u00f3 Products &amp; Technology, una empresa del Grup Rubi\u00f3, ha dut a terme una investigaci\u00f3 i desenvolupament (I+D) per a un f\u00e0rmac destinat a tractar l&#8217;insomni en nens amb Trastorn per D\u00e8ficit d&#8217;Atenci\u00f3 i Hiperactivitat (TDAH), espec\u00edficament en casos en qu\u00e8 les mesures convencionals d&#8217;higiene del son s\u00f3n insuficients. Aquesta iniciativa compta amb un important [&hellip;]<\/p>\n","protected":false},"author":1,"featured_media":4053,"comment_status":"closed","ping_status":"closed","sticky":false,"template":"","format":"standard","meta":{"_acf_changed":false,"footnotes":""},"categories":[13],"tags":[],"class_list":["post-4068","post","type-post","status-publish","format-standard","has-post-thumbnail","hentry","category-sense-categoria"],"acf":[],"yoast_head":"<!-- This site is optimized with the Yoast SEO plugin v27.3 - https:\/\/yoast.com\/product\/yoast-seo-wordpress\/ -->\n<title>Desenvolupament d&#039;un nou tractament pedi\u00e0tric per l&#039;insomni<\/title>\n<meta name=\"description\" content=\"Products &amp; Technology, una empresa del Grup Rubi\u00f3, ha dut a terme una investigaci\u00f3 i desenvolupament (I+D) per a un f\u00e0rmac destinat a tractar l&#039;insomni en nens amb Trastorn per D\u00e8ficit d&#039;Atenci\u00f3 i Hiperactivitat (TDAH)\" \/>\n<meta name=\"robots\" content=\"index, follow, max-snippet:-1, max-image-preview:large, max-video-preview:-1\" \/>\n<link rel=\"canonical\" href=\"https:\/\/www.laboratoriosrubio.com\/ca\/desenvolupament-dun-nou-tractament-pediatric-per-linsomni\/\" \/>\n<meta property=\"og:locale\" content=\"ca_ES\" \/>\n<meta property=\"og:type\" content=\"article\" \/>\n<meta property=\"og:title\" content=\"Desenvolupament d&#039;un nou tractament pedi\u00e0tric per l&#039;insomni\" \/>\n<meta property=\"og:description\" content=\"Products &amp; Technology, una empresa del Grup Rubi\u00f3, ha dut a terme una investigaci\u00f3 i desenvolupament (I+D) per a un f\u00e0rmac destinat a tractar l&#039;insomni en nens amb Trastorn per D\u00e8ficit d&#039;Atenci\u00f3 i Hiperactivitat (TDAH)\" \/>\n<meta property=\"og:url\" content=\"https:\/\/www.laboratoriosrubio.com\/ca\/desenvolupament-dun-nou-tractament-pediatric-per-linsomni\/\" \/>\n<meta property=\"og:site_name\" content=\"Laboratorios Rubi\u00f3\" \/>\n<meta property=\"article:published_time\" content=\"2024-07-22T12:53:00+00:00\" \/>\n<meta property=\"article:modified_time\" content=\"2024-07-22T13:01:54+00:00\" \/>\n<meta property=\"og:image\" content=\"https:\/\/www.laboratoriosrubio.com\/wp-content\/uploads\/2024\/07\/pharmaceutical-RD-scaled.jpeg\" \/>\n\t<meta property=\"og:image:width\" content=\"2560\" \/>\n\t<meta property=\"og:image:height\" content=\"1440\" \/>\n\t<meta property=\"og:image:type\" content=\"image\/jpeg\" \/>\n<meta name=\"author\" content=\"wplabru2020\" \/>\n<meta name=\"twitter:card\" content=\"summary_large_image\" \/>\n<meta name=\"twitter:label1\" content=\"Written by\" \/>\n\t<meta name=\"twitter:data1\" content=\"wplabru2020\" \/>\n\t<meta name=\"twitter:label2\" content=\"Est. reading time\" \/>\n\t<meta name=\"twitter:data2\" content=\"4 minutes\" \/>\n<script type=\"application\/ld+json\" class=\"yoast-schema-graph\">{\"@context\":\"https:\\\/\\\/schema.org\",\"@graph\":[{\"@type\":\"Article\",\"@id\":\"https:\\\/\\\/www.laboratoriosrubio.com\\\/ca\\\/desenvolupament-dun-nou-tractament-pediatric-per-linsomni\\\/#article\",\"isPartOf\":{\"@id\":\"https:\\\/\\\/www.laboratoriosrubio.com\\\/ca\\\/desenvolupament-dun-nou-tractament-pediatric-per-linsomni\\\/\"},\"author\":{\"name\":\"wplabru2020\",\"@id\":\"https:\\\/\\\/www.laboratoriosrubio.com\\\/ca\\\/#\\\/schema\\\/person\\\/6000e7d3d6b5bbe767c2c4d76423842c\"},\"headline\":\"Desenvolupament d&#8217;un nou tractament pedi\u00e0tric per l&#8217;insomni\",\"datePublished\":\"2024-07-22T12:53:00+00:00\",\"dateModified\":\"2024-07-22T13:01:54+00:00\",\"mainEntityOfPage\":{\"@id\":\"https:\\\/\\\/www.laboratoriosrubio.com\\\/ca\\\/desenvolupament-dun-nou-tractament-pediatric-per-linsomni\\\/\"},\"wordCount\":883,\"image\":{\"@id\":\"https:\\\/\\\/www.laboratoriosrubio.com\\\/ca\\\/desenvolupament-dun-nou-tractament-pediatric-per-linsomni\\\/#primaryimage\"},\"thumbnailUrl\":\"https:\\\/\\\/www.laboratoriosrubio.com\\\/wp-content\\\/uploads\\\/2024\\\/07\\\/pharmaceutical-RD-scaled.jpeg\",\"articleSection\":[\"Sense categoria\"],\"inLanguage\":\"ca\"},{\"@type\":\"WebPage\",\"@id\":\"https:\\\/\\\/www.laboratoriosrubio.com\\\/ca\\\/desenvolupament-dun-nou-tractament-pediatric-per-linsomni\\\/\",\"url\":\"https:\\\/\\\/www.laboratoriosrubio.com\\\/ca\\\/desenvolupament-dun-nou-tractament-pediatric-per-linsomni\\\/\",\"name\":\"Desenvolupament d'un nou tractament pedi\u00e0tric per l'insomni\",\"isPartOf\":{\"@id\":\"https:\\\/\\\/www.laboratoriosrubio.com\\\/ca\\\/#website\"},\"primaryImageOfPage\":{\"@id\":\"https:\\\/\\\/www.laboratoriosrubio.com\\\/ca\\\/desenvolupament-dun-nou-tractament-pediatric-per-linsomni\\\/#primaryimage\"},\"image\":{\"@id\":\"https:\\\/\\\/www.laboratoriosrubio.com\\\/ca\\\/desenvolupament-dun-nou-tractament-pediatric-per-linsomni\\\/#primaryimage\"},\"thumbnailUrl\":\"https:\\\/\\\/www.laboratoriosrubio.com\\\/wp-content\\\/uploads\\\/2024\\\/07\\\/pharmaceutical-RD-scaled.jpeg\",\"datePublished\":\"2024-07-22T12:53:00+00:00\",\"dateModified\":\"2024-07-22T13:01:54+00:00\",\"author\":{\"@id\":\"https:\\\/\\\/www.laboratoriosrubio.com\\\/ca\\\/#\\\/schema\\\/person\\\/6000e7d3d6b5bbe767c2c4d76423842c\"},\"description\":\"Products & Technology, una empresa del Grup Rubi\u00f3, ha dut a terme una investigaci\u00f3 i desenvolupament (I+D) per a un f\u00e0rmac destinat a tractar l'insomni en nens amb Trastorn per D\u00e8ficit d'Atenci\u00f3 i Hiperactivitat (TDAH)\",\"breadcrumb\":{\"@id\":\"https:\\\/\\\/www.laboratoriosrubio.com\\\/ca\\\/desenvolupament-dun-nou-tractament-pediatric-per-linsomni\\\/#breadcrumb\"},\"inLanguage\":\"ca\",\"potentialAction\":[{\"@type\":\"ReadAction\",\"target\":[\"https:\\\/\\\/www.laboratoriosrubio.com\\\/ca\\\/desenvolupament-dun-nou-tractament-pediatric-per-linsomni\\\/\"]}]},{\"@type\":\"ImageObject\",\"inLanguage\":\"ca\",\"@id\":\"https:\\\/\\\/www.laboratoriosrubio.com\\\/ca\\\/desenvolupament-dun-nou-tractament-pediatric-per-linsomni\\\/#primaryimage\",\"url\":\"https:\\\/\\\/www.laboratoriosrubio.com\\\/wp-content\\\/uploads\\\/2024\\\/07\\\/pharmaceutical-RD-scaled.jpeg\",\"contentUrl\":\"https:\\\/\\\/www.laboratoriosrubio.com\\\/wp-content\\\/uploads\\\/2024\\\/07\\\/pharmaceutical-RD-scaled.jpeg\",\"width\":2560,\"height\":1440,\"caption\":\"In Laboratory Over the Shoulder View of Scientist in Protective Clothes Doing Research on a Personal Computer. Modern Manufactory Producing Semiconductors and Pharmaceutical Items.\"},{\"@type\":\"BreadcrumbList\",\"@id\":\"https:\\\/\\\/www.laboratoriosrubio.com\\\/ca\\\/desenvolupament-dun-nou-tractament-pediatric-per-linsomni\\\/#breadcrumb\",\"itemListElement\":[{\"@type\":\"ListItem\",\"position\":1,\"name\":\"Portada\",\"item\":\"https:\\\/\\\/www.laboratoriosrubio.com\\\/ca\\\/\"},{\"@type\":\"ListItem\",\"position\":2,\"name\":\"Desenvolupament d&#8217;un nou tractament pedi\u00e0tric per l&#8217;insomni\"}]},{\"@type\":\"WebSite\",\"@id\":\"https:\\\/\\\/www.laboratoriosrubio.com\\\/ca\\\/#website\",\"url\":\"https:\\\/\\\/www.laboratoriosrubio.com\\\/ca\\\/\",\"name\":\"Laboratorios Rubi\u00f3\",\"description\":\"\",\"potentialAction\":[{\"@type\":\"SearchAction\",\"target\":{\"@type\":\"EntryPoint\",\"urlTemplate\":\"https:\\\/\\\/www.laboratoriosrubio.com\\\/ca\\\/?s={search_term_string}\"},\"query-input\":{\"@type\":\"PropertyValueSpecification\",\"valueRequired\":true,\"valueName\":\"search_term_string\"}}],\"inLanguage\":\"ca\"},{\"@type\":\"Person\",\"@id\":\"https:\\\/\\\/www.laboratoriosrubio.com\\\/ca\\\/#\\\/schema\\\/person\\\/6000e7d3d6b5bbe767c2c4d76423842c\",\"name\":\"wplabru2020\",\"image\":{\"@type\":\"ImageObject\",\"inLanguage\":\"ca\",\"@id\":\"https:\\\/\\\/secure.gravatar.com\\\/avatar\\\/b904e836584635855eaa0ee2922bae4fe2aa94ffb558048dcc5dac5f98f0fadc?s=96&d=mm&r=g\",\"url\":\"https:\\\/\\\/secure.gravatar.com\\\/avatar\\\/b904e836584635855eaa0ee2922bae4fe2aa94ffb558048dcc5dac5f98f0fadc?s=96&d=mm&r=g\",\"contentUrl\":\"https:\\\/\\\/secure.gravatar.com\\\/avatar\\\/b904e836584635855eaa0ee2922bae4fe2aa94ffb558048dcc5dac5f98f0fadc?s=96&d=mm&r=g\",\"caption\":\"wplabru2020\"},\"sameAs\":[\"https:\\\/\\\/www.laboratoriosrubio.com\"],\"url\":\"https:\\\/\\\/www.laboratoriosrubio.com\\\/ca\\\/author\\\/wplabru2020\\\/\"}]}<\/script>\n<!-- \/ Yoast SEO plugin. -->","yoast_head_json":{"title":"Desenvolupament d'un nou tractament pedi\u00e0tric per l'insomni","description":"Products & Technology, una empresa del Grup Rubi\u00f3, ha dut a terme una investigaci\u00f3 i desenvolupament (I+D) per a un f\u00e0rmac destinat a tractar l'insomni en nens amb Trastorn per D\u00e8ficit d'Atenci\u00f3 i Hiperactivitat (TDAH)","robots":{"index":"index","follow":"follow","max-snippet":"max-snippet:-1","max-image-preview":"max-image-preview:large","max-video-preview":"max-video-preview:-1"},"canonical":"https:\/\/www.laboratoriosrubio.com\/ca\/desenvolupament-dun-nou-tractament-pediatric-per-linsomni\/","og_locale":"ca_ES","og_type":"article","og_title":"Desenvolupament d'un nou tractament pedi\u00e0tric per l'insomni","og_description":"Products & Technology, una empresa del Grup Rubi\u00f3, ha dut a terme una investigaci\u00f3 i desenvolupament (I+D) per a un f\u00e0rmac destinat a tractar l'insomni en nens amb Trastorn per D\u00e8ficit d'Atenci\u00f3 i Hiperactivitat (TDAH)","og_url":"https:\/\/www.laboratoriosrubio.com\/ca\/desenvolupament-dun-nou-tractament-pediatric-per-linsomni\/","og_site_name":"Laboratorios Rubi\u00f3","article_published_time":"2024-07-22T12:53:00+00:00","article_modified_time":"2024-07-22T13:01:54+00:00","og_image":[{"width":2560,"height":1440,"url":"https:\/\/www.laboratoriosrubio.com\/wp-content\/uploads\/2024\/07\/pharmaceutical-RD-scaled.jpeg","type":"image\/jpeg"}],"author":"wplabru2020","twitter_card":"summary_large_image","twitter_misc":{"Written by":"wplabru2020","Est. reading time":"4 minutes"},"schema":{"@context":"https:\/\/schema.org","@graph":[{"@type":"Article","@id":"https:\/\/www.laboratoriosrubio.com\/ca\/desenvolupament-dun-nou-tractament-pediatric-per-linsomni\/#article","isPartOf":{"@id":"https:\/\/www.laboratoriosrubio.com\/ca\/desenvolupament-dun-nou-tractament-pediatric-per-linsomni\/"},"author":{"name":"wplabru2020","@id":"https:\/\/www.laboratoriosrubio.com\/ca\/#\/schema\/person\/6000e7d3d6b5bbe767c2c4d76423842c"},"headline":"Desenvolupament d&#8217;un nou tractament pedi\u00e0tric per l&#8217;insomni","datePublished":"2024-07-22T12:53:00+00:00","dateModified":"2024-07-22T13:01:54+00:00","mainEntityOfPage":{"@id":"https:\/\/www.laboratoriosrubio.com\/ca\/desenvolupament-dun-nou-tractament-pediatric-per-linsomni\/"},"wordCount":883,"image":{"@id":"https:\/\/www.laboratoriosrubio.com\/ca\/desenvolupament-dun-nou-tractament-pediatric-per-linsomni\/#primaryimage"},"thumbnailUrl":"https:\/\/www.laboratoriosrubio.com\/wp-content\/uploads\/2024\/07\/pharmaceutical-RD-scaled.jpeg","articleSection":["Sense categoria"],"inLanguage":"ca"},{"@type":"WebPage","@id":"https:\/\/www.laboratoriosrubio.com\/ca\/desenvolupament-dun-nou-tractament-pediatric-per-linsomni\/","url":"https:\/\/www.laboratoriosrubio.com\/ca\/desenvolupament-dun-nou-tractament-pediatric-per-linsomni\/","name":"Desenvolupament d'un nou tractament pedi\u00e0tric per l'insomni","isPartOf":{"@id":"https:\/\/www.laboratoriosrubio.com\/ca\/#website"},"primaryImageOfPage":{"@id":"https:\/\/www.laboratoriosrubio.com\/ca\/desenvolupament-dun-nou-tractament-pediatric-per-linsomni\/#primaryimage"},"image":{"@id":"https:\/\/www.laboratoriosrubio.com\/ca\/desenvolupament-dun-nou-tractament-pediatric-per-linsomni\/#primaryimage"},"thumbnailUrl":"https:\/\/www.laboratoriosrubio.com\/wp-content\/uploads\/2024\/07\/pharmaceutical-RD-scaled.jpeg","datePublished":"2024-07-22T12:53:00+00:00","dateModified":"2024-07-22T13:01:54+00:00","author":{"@id":"https:\/\/www.laboratoriosrubio.com\/ca\/#\/schema\/person\/6000e7d3d6b5bbe767c2c4d76423842c"},"description":"Products & Technology, una empresa del Grup Rubi\u00f3, ha dut a terme una investigaci\u00f3 i desenvolupament (I+D) per a un f\u00e0rmac destinat a tractar l'insomni en nens amb Trastorn per D\u00e8ficit d'Atenci\u00f3 i Hiperactivitat (TDAH)","breadcrumb":{"@id":"https:\/\/www.laboratoriosrubio.com\/ca\/desenvolupament-dun-nou-tractament-pediatric-per-linsomni\/#breadcrumb"},"inLanguage":"ca","potentialAction":[{"@type":"ReadAction","target":["https:\/\/www.laboratoriosrubio.com\/ca\/desenvolupament-dun-nou-tractament-pediatric-per-linsomni\/"]}]},{"@type":"ImageObject","inLanguage":"ca","@id":"https:\/\/www.laboratoriosrubio.com\/ca\/desenvolupament-dun-nou-tractament-pediatric-per-linsomni\/#primaryimage","url":"https:\/\/www.laboratoriosrubio.com\/wp-content\/uploads\/2024\/07\/pharmaceutical-RD-scaled.jpeg","contentUrl":"https:\/\/www.laboratoriosrubio.com\/wp-content\/uploads\/2024\/07\/pharmaceutical-RD-scaled.jpeg","width":2560,"height":1440,"caption":"In Laboratory Over the Shoulder View of Scientist in Protective Clothes Doing Research on a Personal Computer. Modern Manufactory Producing Semiconductors and Pharmaceutical Items."},{"@type":"BreadcrumbList","@id":"https:\/\/www.laboratoriosrubio.com\/ca\/desenvolupament-dun-nou-tractament-pediatric-per-linsomni\/#breadcrumb","itemListElement":[{"@type":"ListItem","position":1,"name":"Portada","item":"https:\/\/www.laboratoriosrubio.com\/ca\/"},{"@type":"ListItem","position":2,"name":"Desenvolupament d&#8217;un nou tractament pedi\u00e0tric per l&#8217;insomni"}]},{"@type":"WebSite","@id":"https:\/\/www.laboratoriosrubio.com\/ca\/#website","url":"https:\/\/www.laboratoriosrubio.com\/ca\/","name":"Laboratorios Rubi\u00f3","description":"","potentialAction":[{"@type":"SearchAction","target":{"@type":"EntryPoint","urlTemplate":"https:\/\/www.laboratoriosrubio.com\/ca\/?s={search_term_string}"},"query-input":{"@type":"PropertyValueSpecification","valueRequired":true,"valueName":"search_term_string"}}],"inLanguage":"ca"},{"@type":"Person","@id":"https:\/\/www.laboratoriosrubio.com\/ca\/#\/schema\/person\/6000e7d3d6b5bbe767c2c4d76423842c","name":"wplabru2020","image":{"@type":"ImageObject","inLanguage":"ca","@id":"https:\/\/secure.gravatar.com\/avatar\/b904e836584635855eaa0ee2922bae4fe2aa94ffb558048dcc5dac5f98f0fadc?s=96&d=mm&r=g","url":"https:\/\/secure.gravatar.com\/avatar\/b904e836584635855eaa0ee2922bae4fe2aa94ffb558048dcc5dac5f98f0fadc?s=96&d=mm&r=g","contentUrl":"https:\/\/secure.gravatar.com\/avatar\/b904e836584635855eaa0ee2922bae4fe2aa94ffb558048dcc5dac5f98f0fadc?s=96&d=mm&r=g","caption":"wplabru2020"},"sameAs":["https:\/\/www.laboratoriosrubio.com"],"url":"https:\/\/www.laboratoriosrubio.com\/ca\/author\/wplabru2020\/"}]}},"_links":{"self":[{"href":"https:\/\/www.laboratoriosrubio.com\/ca\/wp-json\/wp\/v2\/posts\/4068","targetHints":{"allow":["GET"]}}],"collection":[{"href":"https:\/\/www.laboratoriosrubio.com\/ca\/wp-json\/wp\/v2\/posts"}],"about":[{"href":"https:\/\/www.laboratoriosrubio.com\/ca\/wp-json\/wp\/v2\/types\/post"}],"author":[{"embeddable":true,"href":"https:\/\/www.laboratoriosrubio.com\/ca\/wp-json\/wp\/v2\/users\/1"}],"replies":[{"embeddable":true,"href":"https:\/\/www.laboratoriosrubio.com\/ca\/wp-json\/wp\/v2\/comments?post=4068"}],"version-history":[{"count":1,"href":"https:\/\/www.laboratoriosrubio.com\/ca\/wp-json\/wp\/v2\/posts\/4068\/revisions"}],"predecessor-version":[{"id":4069,"href":"https:\/\/www.laboratoriosrubio.com\/ca\/wp-json\/wp\/v2\/posts\/4068\/revisions\/4069"}],"wp:featuredmedia":[{"embeddable":true,"href":"https:\/\/www.laboratoriosrubio.com\/ca\/wp-json\/wp\/v2\/media\/4053"}],"wp:attachment":[{"href":"https:\/\/www.laboratoriosrubio.com\/ca\/wp-json\/wp\/v2\/media?parent=4068"}],"wp:term":[{"taxonomy":"category","embeddable":true,"href":"https:\/\/www.laboratoriosrubio.com\/ca\/wp-json\/wp\/v2\/categories?post=4068"},{"taxonomy":"post_tag","embeddable":true,"href":"https:\/\/www.laboratoriosrubio.com\/ca\/wp-json\/wp\/v2\/tags?post=4068"}],"curies":[{"name":"wp","href":"https:\/\/api.w.org\/{rel}","templated":true}]}}