{"id":3651,"date":"2023-07-20T10:30:44","date_gmt":"2023-07-20T10:30:44","guid":{"rendered":"https:\/\/www.laboratoriosrubio.com\/?p=3651"},"modified":"2024-04-19T09:09:50","modified_gmt":"2024-04-19T09:09:50","slug":"igualtat-de-genere","status":"publish","type":"post","link":"https:\/\/www.laboratoriosrubio.com\/ca\/igualtat-de-genere\/","title":{"rendered":"Laboratorios Rubi\u00f3: una cultura de diversitat i equitat"},"content":{"rendered":"<div class=\"group w-full text-gray-800 dark:text-gray-100 border-b border-black\/10 dark:border-gray-900\/50 bg-gray-50 dark:bg-[#444654]\">\n<div class=\"flex p-4 gap-4 text-base md:gap-6 md:max-w-2xl lg:max-w-[38rem] xl:max-w-3xl md:py-6 lg:px-0 m-auto\">\n<div class=\"relative flex w-[calc(100%-50px)] flex-col gap-1 md:gap-3 lg:w-[calc(100%-115px)]\">\n<div class=\"flex flex-grow flex-col gap-3\">\n<div class=\"min-h-[20px] flex items-start overflow-x-auto whitespace-pre-wrap break-words flex-col gap-4\">\n<div class=\"markdown prose w-full break-words dark:prose-invert light\">\n<p>A Laboratorios Rubi\u00f3, la igualtat de g\u00e8nere \u00e9s part de la nostra ess\u00e8ncia, treballem per tenir un impacte social en mat\u00e8ria d&#8217;equitat, creiem que perseguir la paritat ha de ser un <a href=\"https:\/\/hbr.org\/2010\/04\/a-global-standard-for-gender-equality\">est\u00e0ndard global<\/a> per a les empreses si volem aconseguir una societat pr\u00f2spera, exitosa i justa.<\/p>\n<p>Durant els \u00faltims anys, l&#8217;83% de les nostres promocions han estat dones, demostrant el nostre comprom\u00eds amb la diversitat i la nostra voluntat de lluitar contra <a href=\"https:\/\/www.mckinsey.com\/featured-insights\/diversity-and-inclusion\/women-matter-spain-women-are-still-far-from-top-corporate-leadership-positions\">la bretxa d&#8217;igualtat a Espanya.<\/a> Aquesta fita subratlla el nostre objectiu d&#8217;empoderar a tothom en el nostre equip, sense distinci\u00f3 de g\u00e8nere.<\/p>\n<p>Per aquesta ra\u00f3, la nostra empresa es dedica a inculcar una cultura d&#8217;inclusi\u00f3 i respecte, aix\u00ed com a promoure activament una for\u00e7a de treball diversa. Un comprom\u00eds a llarg termini l&#8217;han constitu\u00eft el nostre Primer Pla d&#8217;Igualtat de G\u00e8nere (2018-2023) i el nostre<a href=\"https:\/\/www.laboratoriosrubio.com\/personas\/\"> Segon Pla d&#8217;Igualtat de G\u00e8nere (2023-2027).<\/a><\/p>\n<h2>Diversitat, equitat i inclusi\u00f3 a Laboratorios Rubi\u00f3<\/h2>\n<p>Creiem que la diversitat, l&#8217;equitat i la inclusi\u00f3 s\u00f3n components essencials per a l&#8217;\u00e8xit de la <a href=\"https:\/\/www.weforum.org\/agenda\/2019\/04\/business-case-for-diversity-in-the-workplace\/\">nostra empresa<\/a> i de <a href=\"https:\/\/www.weforum.org\/agenda\/2019\/04\/business-case-for-diversity-in-the-workplace\/\">la societat.<\/a> Ens esforcem per garantir que el nostre lloc de treball sigui un on totes les persones siguin vistes, respectades i valorades per les seves perspectives i talents \u00fanics. Estem compromesos a crear un entorn lliure de qualsevol tipus de discriminaci\u00f3 i assetjament, en el qual totes les persones puguin assolir el seu m\u00e0xim potencial.<\/p>\n<h2>Un comprom\u00eds actiu amb la igualtat de g\u00e8nere<\/h2>\n<p>Per garantir que totes les persones rebin un tracte just i equitatiu, hem implementat el <a href=\"https:\/\/www.laboratoriosrubio.com\/personas\/\">Pla d&#8217;Igualtat de G\u00e8nere (2023-2027).<\/a> Aquest pla inclou iniciatives com la igualtat de remuneraci\u00f3 pel mateix treball, la representaci\u00f3 equitativa de dones i homes en tots els nivells del lloc de treball i la creaci\u00f3 d&#8217;un entorn segur i lliure de discriminaci\u00f3 i assetjament.<\/p>\n<p>En els \u00faltims anys, hem crescut un 57% des de 2018, amb un equip <a href=\"https:\/\/www.laboratoriosrubio.com\/desarrollo-de-negocio\/\">compost per 234 persones<\/a> compromeses i talentoses. Aquest creixement reflecteix el nostre comprom\u00eds amb l&#8217;excel\u00b7l\u00e8ncia i la millora cont\u00ednua, i reconeix el valor professional del nostre equip.<\/p>\n<h2>Prioritzant el desenvolupament personal i la conciliaci\u00f3 familiar<\/h2>\n<p>A Laboratorios Rubi\u00f3, prioritzem el desenvolupament personal, les oportunitats de creixement i la conciliaci\u00f3 familiar. Creiem en cr\u00e9ixer fent cr\u00e9ixer al nostre equip i treballem constantment per mantenir un ambient de treball positiu.<\/p>\n<h2>Un comprom\u00eds continu amb la igualtat de g\u00e8nere<\/h2>\n<p>Entenem que la veritable igualtat de g\u00e8nere requereix un esfor\u00e7 i una vigil\u00e0ncia continus i que \u00e9s necess\u00e0ria per superar <a href=\"https:\/\/www.unwomen.org\/en\/what-we-do\/economic-empowerment\/facts-and-figures\">les problem\u00e0tiques actuals en mat\u00e8ria de g\u00e8nere<\/a> que permetin garantir una societat justa. Seguirem prenent totes les mesures necess\u00e0ries per garantir que la nostra empresa sigui un lloc de treball equitatiu i divers, que compleixi amb totes les lleis i reglamentacions aplicables.<\/p>\n<p>El nostre objectiu \u00e9s continuar treballant activament perqu\u00e8 Laboratorios Rubi\u00f3 sigui cada dia un lloc de treball m\u00e9s equitatiu i un model a seguir en el sector farmac\u00e8utic.<\/p>\n<h2>Millorar la qualitat de vida de les persones<\/h2>\n<p><a href=\"https:\/\/www.laboratoriosrubio.com\/laboratorios-rubio\/\">El prop\u00f2sit de Laboratorios Rubi\u00f3<\/a> \u00e9s que tothom tingui acc\u00e9s als nostres medicaments, independentment de la seva ubicaci\u00f3 o de la prevalen\u00e7a de la seva condici\u00f3. Treballem di\u00e0riament per aportar solucions als especialistes m\u00e8dics, proporcionant-los medicaments amb els m\u00e9s alts est\u00e0ndards de qualitat que els ajuden a tractar a persones amb malalties i trastorns minoritaris.<\/p>\n<h2>Gr\u00e0cies al nostre Equip: junts, #WeAreRubi\u00f3<\/h2>\n<p>El comprom\u00eds i el benestar s\u00f3n part del nostre ADN, per aix\u00f2 treballem en fam\u00edlia, generant confian\u00e7a i amb visi\u00f3 de futur, perqu\u00e8 sabem que nom\u00e9s junts som Rubi\u00f3. Com sempre, el nostre major \u00e8xit s\u00f3n les persones que formen part de Laboratorios Rubi\u00f3, per aix\u00f2 volem donar gr\u00e0cies al nostre equip per fer-ho possible.<\/p>\n<\/div>\n<\/div>\n<\/div>\n<\/div>\n<\/div>\n<\/div>\n","protected":false},"excerpt":{"rendered":"<p>A Laboratorios Rubi\u00f3, la igualtat de g\u00e8nere \u00e9s part de la nostra ess\u00e8ncia, treballem per tenir un impacte social en mat\u00e8ria d&#8217;equitat, creiem que perseguir la paritat ha de ser un est\u00e0ndard global per a les empreses si volem aconseguir una societat pr\u00f2spera, exitosa i justa. Durant els \u00faltims anys, l&#8217;83% de les nostres promocions [&hellip;]<\/p>\n","protected":false},"author":1,"featured_media":2987,"comment_status":"closed","ping_status":"closed","sticky":false,"template":"","format":"standard","meta":{"_acf_changed":false,"footnotes":""},"categories":[69],"tags":[],"class_list":["post-3651","post","type-post","status-publish","format-standard","has-post-thumbnail","hentry","category-persones"],"acf":[],"yoast_head":"<!-- This site is optimized with the Yoast SEO plugin v27.3 - https:\/\/yoast.com\/product\/yoast-seo-wordpress\/ -->\n<title>Laboratorios Rubi\u00f3: una cultura de diversitat i equitat - Laboratorios Rubi\u00f3<\/title>\n<meta name=\"robots\" content=\"index, follow, max-snippet:-1, max-image-preview:large, max-video-preview:-1\" \/>\n<link rel=\"canonical\" href=\"https:\/\/www.laboratoriosrubio.com\/ca\/igualtat-de-genere\/\" \/>\n<meta property=\"og:locale\" content=\"ca_ES\" \/>\n<meta property=\"og:type\" content=\"article\" \/>\n<meta property=\"og:title\" content=\"Laboratorios Rubi\u00f3: una cultura de diversitat i equitat - Laboratorios Rubi\u00f3\" \/>\n<meta property=\"og:description\" content=\"A Laboratorios Rubi\u00f3, la igualtat de g\u00e8nere \u00e9s part de la nostra ess\u00e8ncia, treballem per tenir un impacte social en mat\u00e8ria d&#8217;equitat, creiem que perseguir la paritat ha de ser un est\u00e0ndard global per a les empreses si volem aconseguir una societat pr\u00f2spera, exitosa i justa. Durant els \u00faltims anys, l&#8217;83% de les nostres promocions [&hellip;]\" \/>\n<meta property=\"og:url\" content=\"https:\/\/www.laboratoriosrubio.com\/ca\/igualtat-de-genere\/\" \/>\n<meta property=\"og:site_name\" content=\"Laboratorios Rubi\u00f3\" \/>\n<meta property=\"article:published_time\" content=\"2023-07-20T10:30:44+00:00\" \/>\n<meta property=\"article:modified_time\" content=\"2024-04-19T09:09:50+00:00\" \/>\n<meta property=\"og:image\" content=\"https:\/\/www.laboratoriosrubio.com\/wp-content\/uploads\/2023\/07\/Igualdad_de_genero-scaled.jpeg\" \/>\n\t<meta property=\"og:image:width\" content=\"2560\" \/>\n\t<meta property=\"og:image:height\" content=\"1350\" \/>\n\t<meta property=\"og:image:type\" content=\"image\/jpeg\" \/>\n<meta name=\"author\" content=\"wplabru2020\" \/>\n<meta name=\"twitter:card\" content=\"summary_large_image\" \/>\n<meta name=\"twitter:label1\" content=\"Written by\" \/>\n\t<meta name=\"twitter:data1\" content=\"wplabru2020\" \/>\n\t<meta name=\"twitter:label2\" content=\"Est. reading time\" \/>\n\t<meta name=\"twitter:data2\" content=\"3 minutes\" \/>\n<script type=\"application\/ld+json\" class=\"yoast-schema-graph\">{\"@context\":\"https:\\\/\\\/schema.org\",\"@graph\":[{\"@type\":\"Article\",\"@id\":\"https:\\\/\\\/www.laboratoriosrubio.com\\\/ca\\\/igualtat-de-genere\\\/#article\",\"isPartOf\":{\"@id\":\"https:\\\/\\\/www.laboratoriosrubio.com\\\/ca\\\/igualtat-de-genere\\\/\"},\"author\":{\"name\":\"wplabru2020\",\"@id\":\"https:\\\/\\\/www.laboratoriosrubio.com\\\/ca\\\/#\\\/schema\\\/person\\\/6000e7d3d6b5bbe767c2c4d76423842c\"},\"headline\":\"Laboratorios Rubi\u00f3: una cultura de diversitat i equitat\",\"datePublished\":\"2023-07-20T10:30:44+00:00\",\"dateModified\":\"2024-04-19T09:09:50+00:00\",\"mainEntityOfPage\":{\"@id\":\"https:\\\/\\\/www.laboratoriosrubio.com\\\/ca\\\/igualtat-de-genere\\\/\"},\"wordCount\":663,\"image\":{\"@id\":\"https:\\\/\\\/www.laboratoriosrubio.com\\\/ca\\\/igualtat-de-genere\\\/#primaryimage\"},\"thumbnailUrl\":\"https:\\\/\\\/www.laboratoriosrubio.com\\\/wp-content\\\/uploads\\\/2023\\\/07\\\/Igualdad_de_genero-scaled.jpeg\",\"articleSection\":[\"Persones\"],\"inLanguage\":\"ca\"},{\"@type\":\"WebPage\",\"@id\":\"https:\\\/\\\/www.laboratoriosrubio.com\\\/ca\\\/igualtat-de-genere\\\/\",\"url\":\"https:\\\/\\\/www.laboratoriosrubio.com\\\/ca\\\/igualtat-de-genere\\\/\",\"name\":\"Laboratorios Rubi\u00f3: una cultura de diversitat i equitat - Laboratorios Rubi\u00f3\",\"isPartOf\":{\"@id\":\"https:\\\/\\\/www.laboratoriosrubio.com\\\/ca\\\/#website\"},\"primaryImageOfPage\":{\"@id\":\"https:\\\/\\\/www.laboratoriosrubio.com\\\/ca\\\/igualtat-de-genere\\\/#primaryimage\"},\"image\":{\"@id\":\"https:\\\/\\\/www.laboratoriosrubio.com\\\/ca\\\/igualtat-de-genere\\\/#primaryimage\"},\"thumbnailUrl\":\"https:\\\/\\\/www.laboratoriosrubio.com\\\/wp-content\\\/uploads\\\/2023\\\/07\\\/Igualdad_de_genero-scaled.jpeg\",\"datePublished\":\"2023-07-20T10:30:44+00:00\",\"dateModified\":\"2024-04-19T09:09:50+00:00\",\"author\":{\"@id\":\"https:\\\/\\\/www.laboratoriosrubio.com\\\/ca\\\/#\\\/schema\\\/person\\\/6000e7d3d6b5bbe767c2c4d76423842c\"},\"breadcrumb\":{\"@id\":\"https:\\\/\\\/www.laboratoriosrubio.com\\\/ca\\\/igualtat-de-genere\\\/#breadcrumb\"},\"inLanguage\":\"ca\",\"potentialAction\":[{\"@type\":\"ReadAction\",\"target\":[\"https:\\\/\\\/www.laboratoriosrubio.com\\\/ca\\\/igualtat-de-genere\\\/\"]}]},{\"@type\":\"ImageObject\",\"inLanguage\":\"ca\",\"@id\":\"https:\\\/\\\/www.laboratoriosrubio.com\\\/ca\\\/igualtat-de-genere\\\/#primaryimage\",\"url\":\"https:\\\/\\\/www.laboratoriosrubio.com\\\/wp-content\\\/uploads\\\/2023\\\/07\\\/Igualdad_de_genero-scaled.jpeg\",\"contentUrl\":\"https:\\\/\\\/www.laboratoriosrubio.com\\\/wp-content\\\/uploads\\\/2023\\\/07\\\/Igualdad_de_genero-scaled.jpeg\",\"width\":2560,\"height\":1350,\"caption\":\"adult, advantage, balance, bias, business, businessperson, businesswoman, card, career, company, comparison, confession, corporate, corrupt, discrimination, economy, employee, empowered, equal, equal.\"},{\"@type\":\"BreadcrumbList\",\"@id\":\"https:\\\/\\\/www.laboratoriosrubio.com\\\/ca\\\/igualtat-de-genere\\\/#breadcrumb\",\"itemListElement\":[{\"@type\":\"ListItem\",\"position\":1,\"name\":\"Portada\",\"item\":\"https:\\\/\\\/www.laboratoriosrubio.com\\\/ca\\\/\"},{\"@type\":\"ListItem\",\"position\":2,\"name\":\"Laboratorios Rubi\u00f3: una cultura de diversitat i equitat\"}]},{\"@type\":\"WebSite\",\"@id\":\"https:\\\/\\\/www.laboratoriosrubio.com\\\/ca\\\/#website\",\"url\":\"https:\\\/\\\/www.laboratoriosrubio.com\\\/ca\\\/\",\"name\":\"Laboratorios Rubi\u00f3\",\"description\":\"\",\"potentialAction\":[{\"@type\":\"SearchAction\",\"target\":{\"@type\":\"EntryPoint\",\"urlTemplate\":\"https:\\\/\\\/www.laboratoriosrubio.com\\\/ca\\\/?s={search_term_string}\"},\"query-input\":{\"@type\":\"PropertyValueSpecification\",\"valueRequired\":true,\"valueName\":\"search_term_string\"}}],\"inLanguage\":\"ca\"},{\"@type\":\"Person\",\"@id\":\"https:\\\/\\\/www.laboratoriosrubio.com\\\/ca\\\/#\\\/schema\\\/person\\\/6000e7d3d6b5bbe767c2c4d76423842c\",\"name\":\"wplabru2020\",\"image\":{\"@type\":\"ImageObject\",\"inLanguage\":\"ca\",\"@id\":\"https:\\\/\\\/secure.gravatar.com\\\/avatar\\\/b904e836584635855eaa0ee2922bae4fe2aa94ffb558048dcc5dac5f98f0fadc?s=96&d=mm&r=g\",\"url\":\"https:\\\/\\\/secure.gravatar.com\\\/avatar\\\/b904e836584635855eaa0ee2922bae4fe2aa94ffb558048dcc5dac5f98f0fadc?s=96&d=mm&r=g\",\"contentUrl\":\"https:\\\/\\\/secure.gravatar.com\\\/avatar\\\/b904e836584635855eaa0ee2922bae4fe2aa94ffb558048dcc5dac5f98f0fadc?s=96&d=mm&r=g\",\"caption\":\"wplabru2020\"},\"sameAs\":[\"https:\\\/\\\/www.laboratoriosrubio.com\"],\"url\":\"https:\\\/\\\/www.laboratoriosrubio.com\\\/ca\\\/author\\\/wplabru2020\\\/\"}]}<\/script>\n<!-- \/ Yoast SEO plugin. -->","yoast_head_json":{"title":"Laboratorios Rubi\u00f3: una cultura de diversitat i equitat - Laboratorios Rubi\u00f3","robots":{"index":"index","follow":"follow","max-snippet":"max-snippet:-1","max-image-preview":"max-image-preview:large","max-video-preview":"max-video-preview:-1"},"canonical":"https:\/\/www.laboratoriosrubio.com\/ca\/igualtat-de-genere\/","og_locale":"ca_ES","og_type":"article","og_title":"Laboratorios Rubi\u00f3: una cultura de diversitat i equitat - Laboratorios Rubi\u00f3","og_description":"A Laboratorios Rubi\u00f3, la igualtat de g\u00e8nere \u00e9s part de la nostra ess\u00e8ncia, treballem per tenir un impacte social en mat\u00e8ria d&#8217;equitat, creiem que perseguir la paritat ha de ser un est\u00e0ndard global per a les empreses si volem aconseguir una societat pr\u00f2spera, exitosa i justa. Durant els \u00faltims anys, l&#8217;83% de les nostres promocions [&hellip;]","og_url":"https:\/\/www.laboratoriosrubio.com\/ca\/igualtat-de-genere\/","og_site_name":"Laboratorios Rubi\u00f3","article_published_time":"2023-07-20T10:30:44+00:00","article_modified_time":"2024-04-19T09:09:50+00:00","og_image":[{"width":2560,"height":1350,"url":"https:\/\/www.laboratoriosrubio.com\/wp-content\/uploads\/2023\/07\/Igualdad_de_genero-scaled.jpeg","type":"image\/jpeg"}],"author":"wplabru2020","twitter_card":"summary_large_image","twitter_misc":{"Written by":"wplabru2020","Est. reading time":"3 minutes"},"schema":{"@context":"https:\/\/schema.org","@graph":[{"@type":"Article","@id":"https:\/\/www.laboratoriosrubio.com\/ca\/igualtat-de-genere\/#article","isPartOf":{"@id":"https:\/\/www.laboratoriosrubio.com\/ca\/igualtat-de-genere\/"},"author":{"name":"wplabru2020","@id":"https:\/\/www.laboratoriosrubio.com\/ca\/#\/schema\/person\/6000e7d3d6b5bbe767c2c4d76423842c"},"headline":"Laboratorios Rubi\u00f3: una cultura de diversitat i equitat","datePublished":"2023-07-20T10:30:44+00:00","dateModified":"2024-04-19T09:09:50+00:00","mainEntityOfPage":{"@id":"https:\/\/www.laboratoriosrubio.com\/ca\/igualtat-de-genere\/"},"wordCount":663,"image":{"@id":"https:\/\/www.laboratoriosrubio.com\/ca\/igualtat-de-genere\/#primaryimage"},"thumbnailUrl":"https:\/\/www.laboratoriosrubio.com\/wp-content\/uploads\/2023\/07\/Igualdad_de_genero-scaled.jpeg","articleSection":["Persones"],"inLanguage":"ca"},{"@type":"WebPage","@id":"https:\/\/www.laboratoriosrubio.com\/ca\/igualtat-de-genere\/","url":"https:\/\/www.laboratoriosrubio.com\/ca\/igualtat-de-genere\/","name":"Laboratorios Rubi\u00f3: una cultura de diversitat i equitat - Laboratorios Rubi\u00f3","isPartOf":{"@id":"https:\/\/www.laboratoriosrubio.com\/ca\/#website"},"primaryImageOfPage":{"@id":"https:\/\/www.laboratoriosrubio.com\/ca\/igualtat-de-genere\/#primaryimage"},"image":{"@id":"https:\/\/www.laboratoriosrubio.com\/ca\/igualtat-de-genere\/#primaryimage"},"thumbnailUrl":"https:\/\/www.laboratoriosrubio.com\/wp-content\/uploads\/2023\/07\/Igualdad_de_genero-scaled.jpeg","datePublished":"2023-07-20T10:30:44+00:00","dateModified":"2024-04-19T09:09:50+00:00","author":{"@id":"https:\/\/www.laboratoriosrubio.com\/ca\/#\/schema\/person\/6000e7d3d6b5bbe767c2c4d76423842c"},"breadcrumb":{"@id":"https:\/\/www.laboratoriosrubio.com\/ca\/igualtat-de-genere\/#breadcrumb"},"inLanguage":"ca","potentialAction":[{"@type":"ReadAction","target":["https:\/\/www.laboratoriosrubio.com\/ca\/igualtat-de-genere\/"]}]},{"@type":"ImageObject","inLanguage":"ca","@id":"https:\/\/www.laboratoriosrubio.com\/ca\/igualtat-de-genere\/#primaryimage","url":"https:\/\/www.laboratoriosrubio.com\/wp-content\/uploads\/2023\/07\/Igualdad_de_genero-scaled.jpeg","contentUrl":"https:\/\/www.laboratoriosrubio.com\/wp-content\/uploads\/2023\/07\/Igualdad_de_genero-scaled.jpeg","width":2560,"height":1350,"caption":"adult, advantage, balance, bias, business, businessperson, businesswoman, card, career, company, comparison, confession, corporate, corrupt, discrimination, economy, employee, empowered, equal, equal."},{"@type":"BreadcrumbList","@id":"https:\/\/www.laboratoriosrubio.com\/ca\/igualtat-de-genere\/#breadcrumb","itemListElement":[{"@type":"ListItem","position":1,"name":"Portada","item":"https:\/\/www.laboratoriosrubio.com\/ca\/"},{"@type":"ListItem","position":2,"name":"Laboratorios Rubi\u00f3: una cultura de diversitat i equitat"}]},{"@type":"WebSite","@id":"https:\/\/www.laboratoriosrubio.com\/ca\/#website","url":"https:\/\/www.laboratoriosrubio.com\/ca\/","name":"Laboratorios Rubi\u00f3","description":"","potentialAction":[{"@type":"SearchAction","target":{"@type":"EntryPoint","urlTemplate":"https:\/\/www.laboratoriosrubio.com\/ca\/?s={search_term_string}"},"query-input":{"@type":"PropertyValueSpecification","valueRequired":true,"valueName":"search_term_string"}}],"inLanguage":"ca"},{"@type":"Person","@id":"https:\/\/www.laboratoriosrubio.com\/ca\/#\/schema\/person\/6000e7d3d6b5bbe767c2c4d76423842c","name":"wplabru2020","image":{"@type":"ImageObject","inLanguage":"ca","@id":"https:\/\/secure.gravatar.com\/avatar\/b904e836584635855eaa0ee2922bae4fe2aa94ffb558048dcc5dac5f98f0fadc?s=96&d=mm&r=g","url":"https:\/\/secure.gravatar.com\/avatar\/b904e836584635855eaa0ee2922bae4fe2aa94ffb558048dcc5dac5f98f0fadc?s=96&d=mm&r=g","contentUrl":"https:\/\/secure.gravatar.com\/avatar\/b904e836584635855eaa0ee2922bae4fe2aa94ffb558048dcc5dac5f98f0fadc?s=96&d=mm&r=g","caption":"wplabru2020"},"sameAs":["https:\/\/www.laboratoriosrubio.com"],"url":"https:\/\/www.laboratoriosrubio.com\/ca\/author\/wplabru2020\/"}]}},"_links":{"self":[{"href":"https:\/\/www.laboratoriosrubio.com\/ca\/wp-json\/wp\/v2\/posts\/3651","targetHints":{"allow":["GET"]}}],"collection":[{"href":"https:\/\/www.laboratoriosrubio.com\/ca\/wp-json\/wp\/v2\/posts"}],"about":[{"href":"https:\/\/www.laboratoriosrubio.com\/ca\/wp-json\/wp\/v2\/types\/post"}],"author":[{"embeddable":true,"href":"https:\/\/www.laboratoriosrubio.com\/ca\/wp-json\/wp\/v2\/users\/1"}],"replies":[{"embeddable":true,"href":"https:\/\/www.laboratoriosrubio.com\/ca\/wp-json\/wp\/v2\/comments?post=3651"}],"version-history":[{"count":2,"href":"https:\/\/www.laboratoriosrubio.com\/ca\/wp-json\/wp\/v2\/posts\/3651\/revisions"}],"predecessor-version":[{"id":3653,"href":"https:\/\/www.laboratoriosrubio.com\/ca\/wp-json\/wp\/v2\/posts\/3651\/revisions\/3653"}],"wp:featuredmedia":[{"embeddable":true,"href":"https:\/\/www.laboratoriosrubio.com\/ca\/wp-json\/wp\/v2\/media\/2987"}],"wp:attachment":[{"href":"https:\/\/www.laboratoriosrubio.com\/ca\/wp-json\/wp\/v2\/media?parent=3651"}],"wp:term":[{"taxonomy":"category","embeddable":true,"href":"https:\/\/www.laboratoriosrubio.com\/ca\/wp-json\/wp\/v2\/categories?post=3651"},{"taxonomy":"post_tag","embeddable":true,"href":"https:\/\/www.laboratoriosrubio.com\/ca\/wp-json\/wp\/v2\/tags?post=3651"}],"curies":[{"name":"wp","href":"https:\/\/api.w.org\/{rel}","templated":true}]}}