{"id":3330,"date":"2024-01-18T11:03:03","date_gmt":"2024-01-18T11:03:03","guid":{"rendered":"https:\/\/www.laboratoriosrubio.com\/?p=3330"},"modified":"2024-01-19T10:14:08","modified_gmt":"2024-01-19T10:14:08","slug":"innovacio-farmaceutica","status":"publish","type":"post","link":"https:\/\/www.laboratoriosrubio.com\/ca\/innovacio-farmaceutica\/","title":{"rendered":"Un llegat d&#8217;innovaci\u00f3 farmac\u00e8utica: Laboratorios Rubi\u00f3 rep el Premi de la Reial Acad\u00e8mia de Farm\u00e0cia de Catalunya 2023"},"content":{"rendered":"<p>Des de la seva fundaci\u00f3 el 1968, Laboratorios Rubi\u00f3 ha estat un far d&#8217;innovaci\u00f3 en la ind\u00fastria farmac\u00e8utica. Com una empresa internacional familiar, s&#8217;ha concentrat en el desenvolupament de nous medicaments, especialment per a malalties minorit\u00e0ries. Aquest any, el nostre comprom\u00eds inalterable amb la recerca i el desenvolupament (I+D) ha estat reconegut amb el prestigi\u00f3s Premi de la Reial Acad\u00e8mia de Farm\u00e0cia de Catalunya per a 2023.<\/p>\n<h2><strong>El llegat de Laboratorios Rubi\u00f3\u00a0<\/strong><\/h2>\n<h3><strong>Fundaci\u00f3 i Valors Familiars\u00a0<\/strong><\/h3>\n<p>Laboratorios Rubi\u00f3 va ser fundada sobre principis d&#8217;integritat, innovaci\u00f3 i atenci\u00f3 centrada en el pacient. El viatge de l&#8217;empresa des dels seus humils inicis fins a convertir-se en un actor internacional \u00e9s un testimoni de la seva dedicaci\u00f3 a l&#8217;avan\u00e7 de l&#8217;atenci\u00f3 sanit\u00e0ria.<\/p>\n<h3><strong>I+D: La Pedra Angular del Progr\u00e9s\u00a0<\/strong><\/h3>\n<p>En el cor de l&#8217;\u00e8xit de Laboratorios Rubi\u00f3 hi ha el seu robust marc de I+D. L&#8217;empresa ha invertit cont\u00ednuament en recerca d&#8217;avantguarda, centrant-se en el desenvolupament de medicaments per a malalties minorit\u00e0ries sovint obviades en la recerca farmac\u00e8utica convencional.<\/p>\n<h2><strong>Aconseguint un Fite: el Premi de la Reial Acad\u00e8mia de Farm\u00e0cia de Catalunya <\/strong><\/h2>\n<p>El recent guard\u00f3 de Laboratorios Rubi\u00f3, el Premi de la Reial Acad\u00e8mia de Farm\u00e0cia de Catalunya, no \u00e9s nom\u00e9s un premi; \u00e9s el reconeixement de d\u00e8cades de perseveran\u00e7a i aven\u00e7os en la ci\u00e8ncia m\u00e8dica. La recepci\u00f3 d&#8217;aquest premi per part del nostre CEO, Pelayo Rubi\u00f3, \u00e9s un moment d&#8217;orgull i un s\u00edmbol de les nostres aspiracions futures.<\/p>\n<p><img loading=\"lazy\" decoding=\"async\" class=\"alignnone size-full wp-image-3375\" src=\"http:\/\/www.laboratoriosrubio.com\/wp-content\/uploads\/2024\/01\/Innovacion-Farmaceutica-3-1.png\" alt=\"Innovaci\u00f3n-Farmaceutica-3\" width=\"1920\" height=\"700\" srcset=\"https:\/\/www.laboratoriosrubio.com\/wp-content\/uploads\/2024\/01\/Innovacion-Farmaceutica-3-1.png 1920w, https:\/\/www.laboratoriosrubio.com\/wp-content\/uploads\/2024\/01\/Innovacion-Farmaceutica-3-1-300x109.png 300w, https:\/\/www.laboratoriosrubio.com\/wp-content\/uploads\/2024\/01\/Innovacion-Farmaceutica-3-1-1024x373.png 1024w, https:\/\/www.laboratoriosrubio.com\/wp-content\/uploads\/2024\/01\/Innovacion-Farmaceutica-3-1-768x280.png 768w, https:\/\/www.laboratoriosrubio.com\/wp-content\/uploads\/2024\/01\/Innovacion-Farmaceutica-3-1-1536x560.png 1536w\" sizes=\"auto, (max-width: 1920px) 100vw, 1920px\" \/><\/p>\n<h2><strong>L&#8217;Impacte de les Innovacions de Laboratorios Rubi\u00f3\u00a0<\/strong><\/h2>\n<h3><strong>Transformant Vides de Pacients\u00a0<\/strong><\/h3>\n<p>L&#8217;enfocament de l&#8217;empresa en malalties minorit\u00e0ries ha portat al desenvolupament de medicaments que ofereixen noves esperances a pacients amb condicions rares.<\/p>\n<h3><strong>Una Visi\u00f3 Global per a l&#8217;Atenci\u00f3 Sanit\u00e0ria\u00a0<\/strong><\/h3>\n<p>La pres\u00e8ncia global de Laboratorios Rubi\u00f3 no \u00e9s nom\u00e9s una expansi\u00f3 comercial, sin\u00f3 tamb\u00e9 un mitj\u00e0 per difondre solucions innovadores d&#8217;atenci\u00f3 sanit\u00e0ria i millorar la qualitat de vida dels pacients arreu del m\u00f3n.<\/p>\n<h2><strong>Creixement Notable i Expansi\u00f3 Global\u00a0<\/strong><\/h2>\n<p>El 2023, Laboratorios Rubi\u00f3 va assolir una facturaci\u00f3 de 131 milions d&#8217;euros, el que representa un creixement del 170.6% en tres anys. Amb un equip de 259 empleats i empleades i una forta pres\u00e8ncia internacional en m\u00e9s de 70 pa\u00efsos, la nostra empresa autofinan\u00e7ada continua fent passos significatius en la ind\u00fastria farmac\u00e8utica.<\/p>\n<p>La nostra expansi\u00f3 inclou adquisicions importants com Fisiopharma (2021) i Rubi\u00f3 Metabolomics (2023), i la creaci\u00f3 de filials per a l&#8217;expansi\u00f3 del mercat als EUA (2022) amb CIMA Sciences i It\u00e0lia (2023) amb Rubi\u00f3 Nutraceuticals, aix\u00ed com un bra\u00e7 d&#8217;I+D amb Products &amp; Technology establert el 2014.<\/p>\n<p>Aquest creixement estrat\u00e8gic, juntament amb la nostra inversi\u00f3 anual en I+D, ha resultat en la comercialitzaci\u00f3 de m\u00e9s de 10 medicaments propis, marcant un creixement interanual del 10,6% en els \u00faltims cuatre anys.<\/p>\n<h2><strong>El llegat de Laboratorios Rubi\u00f3\u00a0<\/strong><\/h2>\n<p>Laboratorios Rubi\u00f3 forma part del sector de ci\u00e8ncies de la vida i atenci\u00f3 sanit\u00e0ria de Catalunya, que segons dades del 2022 Catalonia Bio Region Report, des de 2022, abasta m\u00e9s de 1350 empreses i 91 entitats de recerca, contribuint significativament a l&#8217;economia de la regi\u00f3 amb un impacte del 8.7% en el PIB de Catalunya. Aquest robust ecosistema \u00e9s un testimoni de la dedicaci\u00f3 de Laboratorios Rubi\u00f3 a l&#8217;avan\u00e7 de l&#8217;atenci\u00f3 sanit\u00e0ria en un entorn altament competitiu.<\/p>\n<p>La ind\u00fastria farmac\u00e8utica a Catalunya, on Laboratorios Rubi\u00f3 ha estat un actor destacat, va representar el 47% del volum total de negocis del sector el 2021, demostrant l&#8217;impacte econ\u00f2mic substancial de la ind\u00fastria. Aquest context subratlla la import\u00e0ncia del recent guard\u00f3 de Laboratorios Rubi\u00f3 en una ind\u00fastria altament competitiva i en expansi\u00f3.<\/p>\n<h2><strong>L&#8217;impacte de les innovacions del sector farmac\u00e8utic catal\u00e0\u00a0<\/strong><\/h2>\n<p>L&#8217;enfocament de Laboratorios Rubi\u00f3 en malalties rares s&#8217;aligna amb el fort comprom\u00eds de Catalunya amb la innovaci\u00f3 en atenci\u00f3 sanit\u00e0ria, on la inversi\u00f3 en startups i scale-ups d&#8217;atenci\u00f3 sanit\u00e0ria va assolir gaireb\u00e9 450 milions d&#8217;euros el 2022, amb m\u00e9s del 75% procedent de capital de risc, reflectint un ecosistema vibrant i de suport per a la innovaci\u00f3 farmac\u00e8utica.<\/p>\n<p>Amb Catalunya albergant el 46%, d&#8217;acord amb dades de l&#8217;informe de la Ind\u00fastria Farmac\u00e8utica Catalana d&#8217;Evercom, de totes les plantes de producci\u00f3 de medicaments a Espanya, i sent Laboratorios Rubi\u00f3 un jugador clau en aquest sector, el futur cont\u00e9 un immens potencial per a desenvolupaments innovadors addicionals en I+D farmac\u00e8utica. La creixent Inversi\u00f3 Estrangera Directa a la regi\u00f3, que totalitza 689 milions d&#8217;euros entre 2018 i 2022 i ha creat m\u00e9s de 2900 llocs de treball, destaca un entorn pr\u00f2sper propici per a empreses innovadores com Laboratorios Rubi\u00f3.<\/p>\n<h2><strong>Enfocats en el futur de l&#8217;atenci\u00f3 sanit\u00e0ria\u00a0<\/strong><\/h2>\n<p>Mirant cap al futur, a Laboratorios Rubi\u00f3 estem preparats per continuar el nostre cam\u00ed en I+D farmac\u00e8utica. Amb una cultura impulsada per la innovaci\u00f3 i enfocaments cient\u00edfics moderns, com a empresa estem preparats per afrontar els desafiaments futurs de l&#8217;atenci\u00f3 sanit\u00e0ria. Per tant, continuarem el nostre viatge millorant els resultats dels pacients a trav\u00e9s de f\u00e0rmacs innovadors.<\/p>\n<p>&nbsp;<\/p>\n","protected":false},"excerpt":{"rendered":"<p>Des de la seva fundaci\u00f3 el 1968, Laboratorios Rubi\u00f3 ha estat un far d&#8217;innovaci\u00f3 en la ind\u00fastria farmac\u00e8utica. Com una empresa internacional familiar, s&#8217;ha concentrat en el desenvolupament de nous medicaments, especialment per a malalties minorit\u00e0ries. Aquest any, el nostre comprom\u00eds inalterable amb la recerca i el desenvolupament (I+D) ha estat reconegut amb el prestigi\u00f3s [&hellip;]<\/p>\n","protected":false},"author":1,"featured_media":3345,"comment_status":"closed","ping_status":"closed","sticky":false,"template":"","format":"standard","meta":{"_acf_changed":false,"footnotes":""},"categories":[13],"tags":[],"class_list":["post-3330","post","type-post","status-publish","format-standard","has-post-thumbnail","hentry","category-sense-categoria"],"acf":[],"yoast_head":"<!-- This site is optimized with the Yoast SEO plugin v27.3 - https:\/\/yoast.com\/product\/yoast-seo-wordpress\/ -->\n<title>Laboratorios Rubi\u00f3 guardonat per la Reial Acad\u00e8mia de Farm\u00e0cia de Catalunya<\/title>\n<meta name=\"description\" content=\"Laboratorios Rubi\u00f3 celebra el Premi de la Reial Acad\u00e8mia de Farm\u00e0cia de Catalunya 2023 pel seu I+D en malalties minorit\u00e0ries\" \/>\n<meta name=\"robots\" content=\"index, follow, max-snippet:-1, max-image-preview:large, max-video-preview:-1\" \/>\n<link rel=\"canonical\" href=\"https:\/\/www.laboratoriosrubio.com\/ca\/innovacio-farmaceutica\/\" \/>\n<meta property=\"og:locale\" content=\"ca_ES\" \/>\n<meta property=\"og:type\" content=\"article\" \/>\n<meta property=\"og:title\" content=\"Laboratorios Rubi\u00f3 guardonat per la Reial Acad\u00e8mia de Farm\u00e0cia de Catalunya\" \/>\n<meta property=\"og:description\" content=\"Laboratorios Rubi\u00f3 celebra el Premi de la Reial Acad\u00e8mia de Farm\u00e0cia de Catalunya 2023 pel seu I+D en malalties minorit\u00e0ries\" \/>\n<meta property=\"og:url\" content=\"https:\/\/www.laboratoriosrubio.com\/ca\/innovacio-farmaceutica\/\" \/>\n<meta property=\"og:site_name\" content=\"Laboratorios Rubi\u00f3\" \/>\n<meta property=\"article:published_time\" content=\"2024-01-18T11:03:03+00:00\" \/>\n<meta property=\"article:modified_time\" content=\"2024-01-19T10:14:08+00:00\" \/>\n<meta property=\"og:image\" content=\"https:\/\/www.laboratoriosrubio.com\/wp-content\/uploads\/2024\/01\/3433434.jpg\" \/>\n\t<meta property=\"og:image:width\" content=\"1627\" \/>\n\t<meta property=\"og:image:height\" content=\"615\" \/>\n\t<meta property=\"og:image:type\" content=\"image\/jpeg\" \/>\n<meta name=\"author\" content=\"wplabru2020\" \/>\n<meta name=\"twitter:card\" content=\"summary_large_image\" \/>\n<meta name=\"twitter:label1\" content=\"Written by\" \/>\n\t<meta name=\"twitter:data1\" content=\"wplabru2020\" \/>\n\t<meta name=\"twitter:label2\" content=\"Est. reading time\" \/>\n\t<meta name=\"twitter:data2\" content=\"5 minutes\" \/>\n<script type=\"application\/ld+json\" class=\"yoast-schema-graph\">{\"@context\":\"https:\\\/\\\/schema.org\",\"@graph\":[{\"@type\":\"Article\",\"@id\":\"https:\\\/\\\/www.laboratoriosrubio.com\\\/ca\\\/innovacio-farmaceutica\\\/#article\",\"isPartOf\":{\"@id\":\"https:\\\/\\\/www.laboratoriosrubio.com\\\/ca\\\/innovacio-farmaceutica\\\/\"},\"author\":{\"name\":\"wplabru2020\",\"@id\":\"https:\\\/\\\/www.laboratoriosrubio.com\\\/ca\\\/#\\\/schema\\\/person\\\/6000e7d3d6b5bbe767c2c4d76423842c\"},\"headline\":\"Un llegat d&#8217;innovaci\u00f3 farmac\u00e8utica: Laboratorios Rubi\u00f3 rep el Premi de la Reial Acad\u00e8mia de Farm\u00e0cia de Catalunya 2023\",\"datePublished\":\"2024-01-18T11:03:03+00:00\",\"dateModified\":\"2024-01-19T10:14:08+00:00\",\"mainEntityOfPage\":{\"@id\":\"https:\\\/\\\/www.laboratoriosrubio.com\\\/ca\\\/innovacio-farmaceutica\\\/\"},\"wordCount\":895,\"image\":{\"@id\":\"https:\\\/\\\/www.laboratoriosrubio.com\\\/ca\\\/innovacio-farmaceutica\\\/#primaryimage\"},\"thumbnailUrl\":\"https:\\\/\\\/www.laboratoriosrubio.com\\\/wp-content\\\/uploads\\\/2024\\\/01\\\/3433434.jpg\",\"articleSection\":[\"Sense categoria\"],\"inLanguage\":\"ca\"},{\"@type\":\"WebPage\",\"@id\":\"https:\\\/\\\/www.laboratoriosrubio.com\\\/ca\\\/innovacio-farmaceutica\\\/\",\"url\":\"https:\\\/\\\/www.laboratoriosrubio.com\\\/ca\\\/innovacio-farmaceutica\\\/\",\"name\":\"Laboratorios Rubi\u00f3 guardonat per la Reial Acad\u00e8mia de Farm\u00e0cia de Catalunya\",\"isPartOf\":{\"@id\":\"https:\\\/\\\/www.laboratoriosrubio.com\\\/ca\\\/#website\"},\"primaryImageOfPage\":{\"@id\":\"https:\\\/\\\/www.laboratoriosrubio.com\\\/ca\\\/innovacio-farmaceutica\\\/#primaryimage\"},\"image\":{\"@id\":\"https:\\\/\\\/www.laboratoriosrubio.com\\\/ca\\\/innovacio-farmaceutica\\\/#primaryimage\"},\"thumbnailUrl\":\"https:\\\/\\\/www.laboratoriosrubio.com\\\/wp-content\\\/uploads\\\/2024\\\/01\\\/3433434.jpg\",\"datePublished\":\"2024-01-18T11:03:03+00:00\",\"dateModified\":\"2024-01-19T10:14:08+00:00\",\"author\":{\"@id\":\"https:\\\/\\\/www.laboratoriosrubio.com\\\/ca\\\/#\\\/schema\\\/person\\\/6000e7d3d6b5bbe767c2c4d76423842c\"},\"description\":\"Laboratorios Rubi\u00f3 celebra el Premi de la Reial Acad\u00e8mia de Farm\u00e0cia de Catalunya 2023 pel seu I+D en malalties minorit\u00e0ries\",\"breadcrumb\":{\"@id\":\"https:\\\/\\\/www.laboratoriosrubio.com\\\/ca\\\/innovacio-farmaceutica\\\/#breadcrumb\"},\"inLanguage\":\"ca\",\"potentialAction\":[{\"@type\":\"ReadAction\",\"target\":[\"https:\\\/\\\/www.laboratoriosrubio.com\\\/ca\\\/innovacio-farmaceutica\\\/\"]}]},{\"@type\":\"ImageObject\",\"inLanguage\":\"ca\",\"@id\":\"https:\\\/\\\/www.laboratoriosrubio.com\\\/ca\\\/innovacio-farmaceutica\\\/#primaryimage\",\"url\":\"https:\\\/\\\/www.laboratoriosrubio.com\\\/wp-content\\\/uploads\\\/2024\\\/01\\\/3433434.jpg\",\"contentUrl\":\"https:\\\/\\\/www.laboratoriosrubio.com\\\/wp-content\\\/uploads\\\/2024\\\/01\\\/3433434.jpg\",\"width\":1627,\"height\":615,\"caption\":\"\"},{\"@type\":\"BreadcrumbList\",\"@id\":\"https:\\\/\\\/www.laboratoriosrubio.com\\\/ca\\\/innovacio-farmaceutica\\\/#breadcrumb\",\"itemListElement\":[{\"@type\":\"ListItem\",\"position\":1,\"name\":\"Portada\",\"item\":\"https:\\\/\\\/www.laboratoriosrubio.com\\\/ca\\\/\"},{\"@type\":\"ListItem\",\"position\":2,\"name\":\"Un llegat d&#8217;innovaci\u00f3 farmac\u00e8utica: Laboratorios Rubi\u00f3 rep el Premi de la Reial Acad\u00e8mia de Farm\u00e0cia de Catalunya 2023\"}]},{\"@type\":\"WebSite\",\"@id\":\"https:\\\/\\\/www.laboratoriosrubio.com\\\/ca\\\/#website\",\"url\":\"https:\\\/\\\/www.laboratoriosrubio.com\\\/ca\\\/\",\"name\":\"Laboratorios Rubi\u00f3\",\"description\":\"\",\"potentialAction\":[{\"@type\":\"SearchAction\",\"target\":{\"@type\":\"EntryPoint\",\"urlTemplate\":\"https:\\\/\\\/www.laboratoriosrubio.com\\\/ca\\\/?s={search_term_string}\"},\"query-input\":{\"@type\":\"PropertyValueSpecification\",\"valueRequired\":true,\"valueName\":\"search_term_string\"}}],\"inLanguage\":\"ca\"},{\"@type\":\"Person\",\"@id\":\"https:\\\/\\\/www.laboratoriosrubio.com\\\/ca\\\/#\\\/schema\\\/person\\\/6000e7d3d6b5bbe767c2c4d76423842c\",\"name\":\"wplabru2020\",\"image\":{\"@type\":\"ImageObject\",\"inLanguage\":\"ca\",\"@id\":\"https:\\\/\\\/secure.gravatar.com\\\/avatar\\\/b904e836584635855eaa0ee2922bae4fe2aa94ffb558048dcc5dac5f98f0fadc?s=96&d=mm&r=g\",\"url\":\"https:\\\/\\\/secure.gravatar.com\\\/avatar\\\/b904e836584635855eaa0ee2922bae4fe2aa94ffb558048dcc5dac5f98f0fadc?s=96&d=mm&r=g\",\"contentUrl\":\"https:\\\/\\\/secure.gravatar.com\\\/avatar\\\/b904e836584635855eaa0ee2922bae4fe2aa94ffb558048dcc5dac5f98f0fadc?s=96&d=mm&r=g\",\"caption\":\"wplabru2020\"},\"sameAs\":[\"https:\\\/\\\/www.laboratoriosrubio.com\"],\"url\":\"https:\\\/\\\/www.laboratoriosrubio.com\\\/ca\\\/author\\\/wplabru2020\\\/\"}]}<\/script>\n<!-- \/ Yoast SEO plugin. -->","yoast_head_json":{"title":"Laboratorios Rubi\u00f3 guardonat per la Reial Acad\u00e8mia de Farm\u00e0cia de Catalunya","description":"Laboratorios Rubi\u00f3 celebra el Premi de la Reial Acad\u00e8mia de Farm\u00e0cia de Catalunya 2023 pel seu I+D en malalties minorit\u00e0ries","robots":{"index":"index","follow":"follow","max-snippet":"max-snippet:-1","max-image-preview":"max-image-preview:large","max-video-preview":"max-video-preview:-1"},"canonical":"https:\/\/www.laboratoriosrubio.com\/ca\/innovacio-farmaceutica\/","og_locale":"ca_ES","og_type":"article","og_title":"Laboratorios Rubi\u00f3 guardonat per la Reial Acad\u00e8mia de Farm\u00e0cia de Catalunya","og_description":"Laboratorios Rubi\u00f3 celebra el Premi de la Reial Acad\u00e8mia de Farm\u00e0cia de Catalunya 2023 pel seu I+D en malalties minorit\u00e0ries","og_url":"https:\/\/www.laboratoriosrubio.com\/ca\/innovacio-farmaceutica\/","og_site_name":"Laboratorios Rubi\u00f3","article_published_time":"2024-01-18T11:03:03+00:00","article_modified_time":"2024-01-19T10:14:08+00:00","og_image":[{"width":1627,"height":615,"url":"https:\/\/www.laboratoriosrubio.com\/wp-content\/uploads\/2024\/01\/3433434.jpg","type":"image\/jpeg"}],"author":"wplabru2020","twitter_card":"summary_large_image","twitter_misc":{"Written by":"wplabru2020","Est. reading time":"5 minutes"},"schema":{"@context":"https:\/\/schema.org","@graph":[{"@type":"Article","@id":"https:\/\/www.laboratoriosrubio.com\/ca\/innovacio-farmaceutica\/#article","isPartOf":{"@id":"https:\/\/www.laboratoriosrubio.com\/ca\/innovacio-farmaceutica\/"},"author":{"name":"wplabru2020","@id":"https:\/\/www.laboratoriosrubio.com\/ca\/#\/schema\/person\/6000e7d3d6b5bbe767c2c4d76423842c"},"headline":"Un llegat d&#8217;innovaci\u00f3 farmac\u00e8utica: Laboratorios Rubi\u00f3 rep el Premi de la Reial Acad\u00e8mia de Farm\u00e0cia de Catalunya 2023","datePublished":"2024-01-18T11:03:03+00:00","dateModified":"2024-01-19T10:14:08+00:00","mainEntityOfPage":{"@id":"https:\/\/www.laboratoriosrubio.com\/ca\/innovacio-farmaceutica\/"},"wordCount":895,"image":{"@id":"https:\/\/www.laboratoriosrubio.com\/ca\/innovacio-farmaceutica\/#primaryimage"},"thumbnailUrl":"https:\/\/www.laboratoriosrubio.com\/wp-content\/uploads\/2024\/01\/3433434.jpg","articleSection":["Sense categoria"],"inLanguage":"ca"},{"@type":"WebPage","@id":"https:\/\/www.laboratoriosrubio.com\/ca\/innovacio-farmaceutica\/","url":"https:\/\/www.laboratoriosrubio.com\/ca\/innovacio-farmaceutica\/","name":"Laboratorios Rubi\u00f3 guardonat per la Reial Acad\u00e8mia de Farm\u00e0cia de Catalunya","isPartOf":{"@id":"https:\/\/www.laboratoriosrubio.com\/ca\/#website"},"primaryImageOfPage":{"@id":"https:\/\/www.laboratoriosrubio.com\/ca\/innovacio-farmaceutica\/#primaryimage"},"image":{"@id":"https:\/\/www.laboratoriosrubio.com\/ca\/innovacio-farmaceutica\/#primaryimage"},"thumbnailUrl":"https:\/\/www.laboratoriosrubio.com\/wp-content\/uploads\/2024\/01\/3433434.jpg","datePublished":"2024-01-18T11:03:03+00:00","dateModified":"2024-01-19T10:14:08+00:00","author":{"@id":"https:\/\/www.laboratoriosrubio.com\/ca\/#\/schema\/person\/6000e7d3d6b5bbe767c2c4d76423842c"},"description":"Laboratorios Rubi\u00f3 celebra el Premi de la Reial Acad\u00e8mia de Farm\u00e0cia de Catalunya 2023 pel seu I+D en malalties minorit\u00e0ries","breadcrumb":{"@id":"https:\/\/www.laboratoriosrubio.com\/ca\/innovacio-farmaceutica\/#breadcrumb"},"inLanguage":"ca","potentialAction":[{"@type":"ReadAction","target":["https:\/\/www.laboratoriosrubio.com\/ca\/innovacio-farmaceutica\/"]}]},{"@type":"ImageObject","inLanguage":"ca","@id":"https:\/\/www.laboratoriosrubio.com\/ca\/innovacio-farmaceutica\/#primaryimage","url":"https:\/\/www.laboratoriosrubio.com\/wp-content\/uploads\/2024\/01\/3433434.jpg","contentUrl":"https:\/\/www.laboratoriosrubio.com\/wp-content\/uploads\/2024\/01\/3433434.jpg","width":1627,"height":615,"caption":""},{"@type":"BreadcrumbList","@id":"https:\/\/www.laboratoriosrubio.com\/ca\/innovacio-farmaceutica\/#breadcrumb","itemListElement":[{"@type":"ListItem","position":1,"name":"Portada","item":"https:\/\/www.laboratoriosrubio.com\/ca\/"},{"@type":"ListItem","position":2,"name":"Un llegat d&#8217;innovaci\u00f3 farmac\u00e8utica: Laboratorios Rubi\u00f3 rep el Premi de la Reial Acad\u00e8mia de Farm\u00e0cia de Catalunya 2023"}]},{"@type":"WebSite","@id":"https:\/\/www.laboratoriosrubio.com\/ca\/#website","url":"https:\/\/www.laboratoriosrubio.com\/ca\/","name":"Laboratorios Rubi\u00f3","description":"","potentialAction":[{"@type":"SearchAction","target":{"@type":"EntryPoint","urlTemplate":"https:\/\/www.laboratoriosrubio.com\/ca\/?s={search_term_string}"},"query-input":{"@type":"PropertyValueSpecification","valueRequired":true,"valueName":"search_term_string"}}],"inLanguage":"ca"},{"@type":"Person","@id":"https:\/\/www.laboratoriosrubio.com\/ca\/#\/schema\/person\/6000e7d3d6b5bbe767c2c4d76423842c","name":"wplabru2020","image":{"@type":"ImageObject","inLanguage":"ca","@id":"https:\/\/secure.gravatar.com\/avatar\/b904e836584635855eaa0ee2922bae4fe2aa94ffb558048dcc5dac5f98f0fadc?s=96&d=mm&r=g","url":"https:\/\/secure.gravatar.com\/avatar\/b904e836584635855eaa0ee2922bae4fe2aa94ffb558048dcc5dac5f98f0fadc?s=96&d=mm&r=g","contentUrl":"https:\/\/secure.gravatar.com\/avatar\/b904e836584635855eaa0ee2922bae4fe2aa94ffb558048dcc5dac5f98f0fadc?s=96&d=mm&r=g","caption":"wplabru2020"},"sameAs":["https:\/\/www.laboratoriosrubio.com"],"url":"https:\/\/www.laboratoriosrubio.com\/ca\/author\/wplabru2020\/"}]}},"_links":{"self":[{"href":"https:\/\/www.laboratoriosrubio.com\/ca\/wp-json\/wp\/v2\/posts\/3330","targetHints":{"allow":["GET"]}}],"collection":[{"href":"https:\/\/www.laboratoriosrubio.com\/ca\/wp-json\/wp\/v2\/posts"}],"about":[{"href":"https:\/\/www.laboratoriosrubio.com\/ca\/wp-json\/wp\/v2\/types\/post"}],"author":[{"embeddable":true,"href":"https:\/\/www.laboratoriosrubio.com\/ca\/wp-json\/wp\/v2\/users\/1"}],"replies":[{"embeddable":true,"href":"https:\/\/www.laboratoriosrubio.com\/ca\/wp-json\/wp\/v2\/comments?post=3330"}],"version-history":[{"count":7,"href":"https:\/\/www.laboratoriosrubio.com\/ca\/wp-json\/wp\/v2\/posts\/3330\/revisions"}],"predecessor-version":[{"id":3379,"href":"https:\/\/www.laboratoriosrubio.com\/ca\/wp-json\/wp\/v2\/posts\/3330\/revisions\/3379"}],"wp:featuredmedia":[{"embeddable":true,"href":"https:\/\/www.laboratoriosrubio.com\/ca\/wp-json\/wp\/v2\/media\/3345"}],"wp:attachment":[{"href":"https:\/\/www.laboratoriosrubio.com\/ca\/wp-json\/wp\/v2\/media?parent=3330"}],"wp:term":[{"taxonomy":"category","embeddable":true,"href":"https:\/\/www.laboratoriosrubio.com\/ca\/wp-json\/wp\/v2\/categories?post=3330"},{"taxonomy":"post_tag","embeddable":true,"href":"https:\/\/www.laboratoriosrubio.com\/ca\/wp-json\/wp\/v2\/tags?post=3330"}],"curies":[{"name":"wp","href":"https:\/\/api.w.org\/{rel}","templated":true}]}}